{"id":314,"date":"2025-09-07T08:25:12","date_gmt":"2025-09-07T06:25:12","guid":{"rendered":"https:\/\/www.pollux-nova.com\/blog\/attending-the-cos-congress-in-prague\/"},"modified":"2025-10-17T17:24:25","modified_gmt":"2025-10-17T15:24:25","slug":"ucast-na-kongresu-cos-v-praze","status":"publish","type":"post","link":"https:\/\/www.pollux-nova.com\/cs\/blog\/ucast-na-kongresu-cos-v-praze\/","title":{"rendered":"\u00da\u010dast na kongresu \u010cOS v Praze"},"content":{"rendered":"<p><strong>Pollux Nova na 33. v\u00fdro\u010dn\u00edm kongresu \u010cesk\u00e9 oftalmologick\u00e9 spole\u010dnosti<\/strong><\/p>\n<p>S pot\u011b\u0161en\u00edm oznamujeme, \u017ee n\u00e1\u0161 t\u00fdm se z\u00fa\u010dastn\u00ed 33. v\u00fdro\u010dn\u00edho kongresu \u010cesk\u00e9 oftalmologick\u00e9 spole\u010dnosti (\u010cOS JEP), kter\u00fd se bude konat ve dnech 18.\u201320. z\u00e1\u0159\u00ed 2025 v O2 universum, Praha, \u010cesk\u00e1 republika. Tato kl\u00ed\u010dov\u00e1 ud\u00e1lost v oftalmologick\u00e9m kalend\u00e1\u0159i sdru\u017euje p\u0159edn\u00ed specialisty, chirurgy a inov\u00e1tory, kte\u0159\u00ed sd\u00edl\u00ed nejnov\u011bj\u0161\u00ed poznatky v oboru.<\/p>\n<p>\u00da\u010dast na kongresu \u010cOS odr\u00e1\u017e\u00ed n\u00e1\u0161 trval\u00fd z\u00e1vazek k inovac\u00edm a spolupr\u00e1ci v oftalmologick\u00e9 komunit\u011b. T\u011b\u0161\u00edme se na setk\u00e1n\u00ed s kolegy, diskusi o aktu\u00e1ln\u00edch v\u00fdzv\u00e1ch a prezentaci na\u0161\u00ed vize budoucnosti oftalmologick\u00fdch technologi\u00ed.<\/p>\n<p>Pro v\u00edce informac\u00ed o kongresu nav\u0161tivte <a href=\"http:\/\/www.oft2025.cz\">www.oft2025.cz<\/a><\/p>\n<p>&nbsp;<\/p>\n","protected":false},"excerpt":{"rendered":"<p>Pollux Nova na 33. v\u00fdro\u010dn\u00edm kongresu \u010cesk\u00e9 oftalmologick\u00e9 spole\u010dnosti S pot\u011b\u0161en\u00edm oznamujeme, \u017ee n\u00e1\u0161 t\u00fdm se z\u00fa\u010dastn\u00ed 33. v\u00fdro\u010dn\u00edho kongresu \u010cesk\u00e9 oftalmologick\u00e9 spole\u010dnosti (\u010cOS JEP), kter\u00fd se bude konat ve dnech 18.\u201320. z\u00e1\u0159\u00ed 2025 v O2 universum, Praha, \u010cesk\u00e1 republika. Tato kl\u00ed\u010dov\u00e1 ud\u00e1lost v oftalmologick\u00e9m kalend\u00e1\u0159i sdru\u017euje p\u0159edn\u00ed specialisty, chirurgy a inov\u00e1tory, kte\u0159\u00ed sd\u00edl\u00ed nejnov\u011bj\u0161\u00ed&#8230;<\/p>\n","protected":false},"author":1,"featured_media":279,"comment_status":"open","ping_status":"open","sticky":false,"template":"","format":"standard","meta":{"footnotes":""},"categories":[6],"tags":[],"class_list":["post-314","post","type-post","status-publish","format-standard","has-post-thumbnail","hentry","category-blog"],"acf":[],"_links":{"self":[{"href":"https:\/\/www.pollux-nova.com\/cs\/wp-json\/wp\/v2\/posts\/314","targetHints":{"allow":["GET"]}}],"collection":[{"href":"https:\/\/www.pollux-nova.com\/cs\/wp-json\/wp\/v2\/posts"}],"about":[{"href":"https:\/\/www.pollux-nova.com\/cs\/wp-json\/wp\/v2\/types\/post"}],"author":[{"embeddable":true,"href":"https:\/\/www.pollux-nova.com\/cs\/wp-json\/wp\/v2\/users\/1"}],"replies":[{"embeddable":true,"href":"https:\/\/www.pollux-nova.com\/cs\/wp-json\/wp\/v2\/comments?post=314"}],"version-history":[{"count":0,"href":"https:\/\/www.pollux-nova.com\/cs\/wp-json\/wp\/v2\/posts\/314\/revisions"}],"wp:featuredmedia":[{"embeddable":true,"href":"https:\/\/www.pollux-nova.com\/cs\/wp-json\/wp\/v2\/media\/279"}],"wp:attachment":[{"href":"https:\/\/www.pollux-nova.com\/cs\/wp-json\/wp\/v2\/media?parent=314"}],"wp:term":[{"taxonomy":"category","embeddable":true,"href":"https:\/\/www.pollux-nova.com\/cs\/wp-json\/wp\/v2\/categories?post=314"},{"taxonomy":"post_tag","embeddable":true,"href":"https:\/\/www.pollux-nova.com\/cs\/wp-json\/wp\/v2\/tags?post=314"}],"curies":[{"name":"wp","href":"https:\/\/api.w.org\/{rel}","templated":true}]}}